
{"id":1912,"date":"2020-11-02T12:12:10","date_gmt":"2020-11-02T08:12:10","guid":{"rendered":"https:\/\/www.cielmonordi.fr\/v2010\/cmo\/?p=1912"},"modified":"2020-11-02T11:20:58","modified_gmt":"2020-11-02T09:20:58","slug":"ciel-mon-ordi-vous-accompagne-pendant-cette-nouvelle-periode-de-confinement-suite-aux-nouvelles-mesures-exceptionnelles-annoncees-par-le-gouvernement-nous-tenions-a-vous-informer-que-toute-lequip","status":"publish","type":"post","link":"https:\/\/www.cielmonordi.fr\/v2010\/cmo\/ciel-mon-ordi-vous-accompagne-pendant-cette-nouvelle-periode-de-confinement-suite-aux-nouvelles-mesures-exceptionnelles-annoncees-par-le-gouvernement-nous-tenions-a-vous-informer-que-toute-lequip\/","title":{"rendered":"Ciel mon Ordi vous accompagne pendant cette nouvelle p\u00e9riode de confinement.\n\nSuite aux nouvelles mesures exceptionnelles annonc\u00e9es par le gouvernement, nous tenions \u00e0 vous informer que toute l&#8217;\u00e9quipe Ciel mon Ordi se mobilise afin de rester au maximum op\u00e9rationnelle et disponible.\n\nHabitu\u00e9s au t\u00e9l\u00e9travail depuis de nombreuses ann\u00e9es nous vous confirmons que nos rendez-vous seront assur\u00e9s afin de vous apporter conseil et assistance informatique."},"content":{"rendered":"<p>Ciel mon Ordi vous accompagne pendant cette nouvelle p\u00e9riode de confinement.<\/p>\n<p>Suite aux nouvelles mesures exceptionnelles annonc\u00e9es par le gouvernement, nous tenions \u00e0 vous informer que toute l&#8217;\u00e9quipe Ciel mon Ordi se mobilise afin de rester au maximum op\u00e9rationnelle et disponible.<\/p>\n<p>Habitu\u00e9s au t\u00e9l\u00e9travail depuis de nombreuses ann\u00e9es nous vous confirmons que nos rendez-vous seront assur\u00e9s afin de vous apporter conseil et assistance informatique.<br \/>\n <a href=https:\/\/www.facebook.com\/cmonordi\/photos\/a.459382342376\/10157547105887377\/?type=3\n \" target=\"_blank\" rel=\"noopener\">Lire la suite<\/a><\/p>\n<p><\/p>","protected":false},"excerpt":{"rendered":"<p>Ciel mon Ordi vous accompagne pendant cette nouvelle p\u00e9riode de confinement. Suite aux nouvelles mesures exceptionnelles annonc\u00e9es par le gouvernement, nous tenions \u00e0 vous informer que toute l&#8217;\u00e9quipe Ciel mon Ordi se mobilise afin de rester au maximum op\u00e9rationnelle et disponible. Habitu\u00e9s au t\u00e9l\u00e9travail depuis de nombreuses ann\u00e9es nous vous confirmons que nos rendez-vous seront<br \/><a class=\"moretag\" href=\"https:\/\/www.cielmonordi.fr\/v2010\/cmo\/ciel-mon-ordi-vous-accompagne-pendant-cette-nouvelle-periode-de-confinement-suite-aux-nouvelles-mesures-exceptionnelles-annoncees-par-le-gouvernement-nous-tenions-a-vous-informer-que-toute-lequip\/\">+ Lire la suite<\/a><\/p>\n","protected":false},"author":4,"featured_media":1188,"comment_status":"closed","ping_status":"closed","sticky":false,"template":"","format":"standard","meta":{"footnotes":""},"categories":[16],"tags":[],"aioseo_notices":[],"_links":{"self":[{"href":"https:\/\/www.cielmonordi.fr\/v2010\/cmo\/wp-json\/wp\/v2\/posts\/1912"}],"collection":[{"href":"https:\/\/www.cielmonordi.fr\/v2010\/cmo\/wp-json\/wp\/v2\/posts"}],"about":[{"href":"https:\/\/www.cielmonordi.fr\/v2010\/cmo\/wp-json\/wp\/v2\/types\/post"}],"author":[{"embeddable":true,"href":"https:\/\/www.cielmonordi.fr\/v2010\/cmo\/wp-json\/wp\/v2\/users\/4"}],"replies":[{"embeddable":true,"href":"https:\/\/www.cielmonordi.fr\/v2010\/cmo\/wp-json\/wp\/v2\/comments?post=1912"}],"version-history":[{"count":1,"href":"https:\/\/www.cielmonordi.fr\/v2010\/cmo\/wp-json\/wp\/v2\/posts\/1912\/revisions"}],"predecessor-version":[{"id":1913,"href":"https:\/\/www.cielmonordi.fr\/v2010\/cmo\/wp-json\/wp\/v2\/posts\/1912\/revisions\/1913"}],"wp:featuredmedia":[{"embeddable":true,"href":"https:\/\/www.cielmonordi.fr\/v2010\/cmo\/wp-json\/wp\/v2\/media\/1188"}],"wp:attachment":[{"href":"https:\/\/www.cielmonordi.fr\/v2010\/cmo\/wp-json\/wp\/v2\/media?parent=1912"}],"wp:term":[{"taxonomy":"category","embeddable":true,"href":"https:\/\/www.cielmonordi.fr\/v2010\/cmo\/wp-json\/wp\/v2\/categories?post=1912"},{"taxonomy":"post_tag","embeddable":true,"href":"https:\/\/www.cielmonordi.fr\/v2010\/cmo\/wp-json\/wp\/v2\/tags?post=1912"}],"curies":[{"name":"wp","href":"https:\/\/api.w.org\/{rel}","templated":true}]}}